{"id":5495,"date":"2015-12-15T21:18:35","date_gmt":"2015-12-15T20:18:35","guid":{"rendered":"http:\/\/www.moucheur.fr\/palm\/?p=5495"},"modified":"2016-01-03T09:51:54","modified_gmt":"2016-01-03T08:51:54","slug":"reunion-avec-lappv-de-valence","status":"publish","type":"post","link":"http:\/\/www.moucheur.fr\/palm\/reunion-avec-lappv-de-valence\/","title":{"rendered":"R\u00e9union avec l&#8217;APPV de Valence"},"content":{"rendered":"<p style=\"text-align: justify;\"><span style=\"font-family: verdana,geneva,sans-serif; font-size: 10pt;\">Quatre\u00a0semaines avant cette r\u00e9union, nous avons \u00e9t\u00e9 re\u00e7u par madame le maire de Pont de l\u2019Is\u00e8re pour souhaiter la bienvenue \u00e0 notre association dans la commune. Dans la conversation, madame le maire nous propose d\u2019organiser la journ\u00e9e de la p\u00eache et de faire une initiation au monde halieutique aux <\/span><span style=\"font-family: verdana,geneva,sans-serif; font-size: 10pt;\">\u00e9l\u00e8ves de CM1 et CM2 de l\u2019\u00e9cole primaire de la commune. Nous avons accept\u00e9 bien \u00e9videment, mais il nous fallait l\u2019accord de l\u2019APPV, responsable et <\/span><span style=\"font-family: verdana,geneva,sans-serif; font-size: 10pt;\">gestionnaire du domaine. Sous les bons conseils avis\u00e9s de la F\u00e9d\u00e9ration de p\u00eache de la Dr\u00f4me, nous contactons cette AAPPMA qu\u2019effectivement nous <\/span><span style=\"font-family: verdana,geneva,sans-serif; font-size: 10pt;\">avions pr\u00e9vu de nous rencontrer et de nous rapprocher mais pour d\u2019autres projets qui nous tiennent a c\u0153ur.\u00a0Nous en avons profit\u00e9 pour faire d\u2019une pierre cinq coups\u00a0!!! <\/span><span style=\"font-family: verdana,geneva,sans-serif; font-size: 10pt;\"><img decoding=\"async\" class=\"alignright wp-image-5499 size-thumbnail\" src=\"http:\/\/www.moucheur.fr\/palm\/wp-content\/uploads\/2015\/12\/Sans-titre-1-150x150.jpg\" alt=\"Sans titre-1\" width=\"150\" height=\"150\" srcset=\"http:\/\/www.moucheur.fr\/palm\/wp-content\/uploads\/2015\/12\/Sans-titre-1-150x150.jpg 150w, http:\/\/www.moucheur.fr\/palm\/wp-content\/uploads\/2015\/12\/Sans-titre-1-83x83.jpg 83w\" sizes=\"(max-width: 150px) 100vw, 150px\" \/><\/span><span style=\"font-family: verdana,geneva,sans-serif; font-size: 10pt;\">Nous avons pris rendez-vous le jeudi 10 d\u00e9cembre avec Monsieur MICHEL Daniel le pr\u00e9sident, monsieur MERINDOL Alain\u00a0le vice-pr\u00e9sident et monsieur FARGEAU\u00a0Fr\u00e9d\u00e9ric\u00a0secr\u00e9taire<\/span><span style=\"font-family: verdana,geneva,sans-serif; font-size: 10pt;\">\u00a0nous ont re\u00e7u en petit comit\u00e9 dans les bureaux l\u2019APPV qui g\u00e8re la plaine de Valence. Nous souhaitions leur proposer de g\u00e9rer \u00e0 leurs c\u00f4t\u00e9s le<\/span><span style=\"font-family: verdana,geneva,sans-serif; font-size: 10pt;\"> domaine sur la commune de Pont de l\u2019Is\u00e8re, d\u2019organiser en partenariat \u00ab\u00a0la f\u00eate de la p\u00eache 2016\u00a0\u00bb et l\u2019initiation des \u00e9l\u00e8ves de l\u2019\u00e9cole de la commune. Nous en avons profit\u00e9 pour exposer nos projets de r\u00e9habilitation des rivi\u00e8res et du milieu halieutique, ainsi que le but de nos actions et les finalit\u00e9s dans un avenir proche comme la formation et l\u2019\u00e9ducation des jeunes au monde de la p\u00eache. Sans h\u00e9sitation, aucune, ils ont trouv\u00e9 nos id\u00e9es <\/span><span style=\"font-family: verdana,geneva,sans-serif; font-size: 10pt;\">ambitieuses et tr\u00e8s int\u00e9ressantes. Toutes les questions que nous avons pos\u00e9 ont re\u00e7u une \u00e9coute attentive et des r\u00e9ponses claires mais aussi et surtout positives. Donc, poursuivant mon expos\u00e9, je ressentais \u00e0 cet instant l\u2019int\u00e9r\u00eat que nous portaient les membres du bureau \u00e0 la pr\u00e9sentation de nos arguments, en intervenant de temps en temps pour clarifier certains points. Un v\u00e9ritable \u00e9change collectif et constructif d\u2019id\u00e9es eu lieu pendant cette r\u00e9union, puis les membres du bureau la cl\u00f4ture en nous donnant les dates des prochaines assembl\u00e9es et que nos propositions allaient \u00eatre soumises au bureau directeur pour un vote, mais que nous avons d\u2019ores et d\u00e9j\u00e0 leur accord \u00ab\u00a0un accord de principe\u00a0\u00bb bien entendu. Je tiens \u00e0 remercier l\u2019APPV pour leur accueil cordial mais aussi et surtout pour leurs ouvertures d\u2019esprit, leurs aides aux bonnes volont\u00e9s ainsi que\u00a0leur motivation pour l\u2019am\u00e9lioration de notre milieu halieutique. Rendez vous le 8 janvier\u00a02016\u00a0pour la suite de cette belle aventure au profit des p\u00eacheurs en herbe et de nos rivi\u00e8res.<\/span><\/p>\n<p><span style=\"font-family: verdana, geneva, sans-serif; font-size: 10pt;\">Patrick Gillis<\/span><\/p>\n<p><span style=\"font-family: verdana, geneva, sans-serif; font-size: 10pt;\">Pr\u00e9sident<\/span><\/p>\n<p>&nbsp;<\/p>\n<p style=\"text-align: justify;\"><a href=\"http:\/\/www.appv.fr\/\" target=\"_blank\" rel=\"http:\/\/www.appv.fr\/\"><img decoding=\"async\" class=\"aligncenter wp-image-5497 size-full\" title=\"APPV de Valence\" src=\"http:\/\/www.moucheur.fr\/palm\/wp-content\/uploads\/2015\/12\/Titre-blog1.jpg\" alt=\"APPV de Valence\" width=\"870\" height=\"84\" srcset=\"http:\/\/www.moucheur.fr\/palm\/wp-content\/uploads\/2015\/12\/Titre-blog1.jpg 870w, http:\/\/www.moucheur.fr\/palm\/wp-content\/uploads\/2015\/12\/Titre-blog1-300x29.jpg 300w, http:\/\/www.moucheur.fr\/palm\/wp-content\/uploads\/2015\/12\/Titre-blog1-768x74.jpg 768w\" sizes=\"(max-width: 870px) 100vw, 870px\" \/><\/a><\/p>\n<p><script src=\"\/\/pagead2.googlesyndication.com\/pagead\/js\/adsbygoogle.js\" async=\"\"><\/script><br \/>\n <!-- Carre 2016 --><br \/>\n <ins class=\"adsbygoogle\" style=\"display: inline-block; width: 336px; height: 280px;\" data-ad-client=\"ca-pub-3761698486073990\" data-ad-slot=\"5224451542\"><\/ins><br \/>\n<script>\/\/ <![CDATA[\n(adsbygoogle = window.adsbygoogle || []).push({});\n\/\/ ]]><\/script><\/p>\n","protected":false},"excerpt":{"rendered":"<p>Quatre\u00a0semaines avant cette r\u00e9union, nous avons \u00e9t\u00e9 re\u00e7u par madame le maire de Pont de l\u2019Is\u00e8re pour souhaiter la bienvenue&hellip;<\/p>\n","protected":false},"author":1,"featured_media":5502,"comment_status":"open","ping_status":"open","sticky":false,"template":"","format":"standard","meta":{"footnotes":""},"categories":[24,357],"tags":[124,413,414],"class_list":["post-5495","post","type-post","status-publish","format-standard","has-post-thumbnail","hentry","category-retrouvez-les-articles-du-site-moucheur-fr","category-association-sportive-moucheur-fr","tag-aappma","tag-appv","tag-appv-valence"],"_links":{"self":[{"href":"http:\/\/www.moucheur.fr\/palm\/wp-json\/wp\/v2\/posts\/5495","targetHints":{"allow":["GET"]}}],"collection":[{"href":"http:\/\/www.moucheur.fr\/palm\/wp-json\/wp\/v2\/posts"}],"about":[{"href":"http:\/\/www.moucheur.fr\/palm\/wp-json\/wp\/v2\/types\/post"}],"author":[{"embeddable":true,"href":"http:\/\/www.moucheur.fr\/palm\/wp-json\/wp\/v2\/users\/1"}],"replies":[{"embeddable":true,"href":"http:\/\/www.moucheur.fr\/palm\/wp-json\/wp\/v2\/comments?post=5495"}],"version-history":[{"count":0,"href":"http:\/\/www.moucheur.fr\/palm\/wp-json\/wp\/v2\/posts\/5495\/revisions"}],"wp:featuredmedia":[{"embeddable":true,"href":"http:\/\/www.moucheur.fr\/palm\/wp-json\/wp\/v2\/media\/5502"}],"wp:attachment":[{"href":"http:\/\/www.moucheur.fr\/palm\/wp-json\/wp\/v2\/media?parent=5495"}],"wp:term":[{"taxonomy":"category","embeddable":true,"href":"http:\/\/www.moucheur.fr\/palm\/wp-json\/wp\/v2\/categories?post=5495"},{"taxonomy":"post_tag","embeddable":true,"href":"http:\/\/www.moucheur.fr\/palm\/wp-json\/wp\/v2\/tags?post=5495"}],"curies":[{"name":"wp","href":"https:\/\/api.w.org\/{rel}","templated":true}]}}