{"id":5591,"date":"2016-02-10T22:10:43","date_gmt":"2016-02-10T21:10:43","guid":{"rendered":"http:\/\/www.moucheur.fr\/palm\/?p=5591"},"modified":"2016-02-11T11:29:11","modified_gmt":"2016-02-11T10:29:11","slug":"reunion","status":"publish","type":"post","link":"http:\/\/www.moucheur.fr\/palm\/reunion\/","title":{"rendered":"R\u00e9union pour les TAP"},"content":{"rendered":"<p>&nbsp;<\/p>\n<p>&nbsp;<\/p>\n<p>&nbsp;<\/p>\n<p><span style=\"font-size: 10pt;\"><strong><span style=\"font-family: verdana, geneva, sans-serif;\">R\u00e9union du 9 f\u00e9vrier 2016 en mairie de Pont de l\u2019Is\u00e8re<\/span><\/strong><\/span><\/p>\n<blockquote><p><span style=\"font-family: verdana, geneva, sans-serif; font-size: 10pt;\"><strong>Sujet\u00a0:<\/strong> Les TAP* <em>(Temps d\u2019Activit\u00e9 P\u00e9riscolaire)<\/em> des \u00e9l\u00e8ves de primaire de l\u2019\u00e9cole de Pont de l\u2019Is\u00e8re.<\/span><\/p>\n<p><span style=\"font-family: verdana, geneva, sans-serif; font-size: 10pt;\"><strong>Th\u00e8me du TAP*\u00a0:<\/strong> D\u00e9couverte du monde aquatique et halieutique avec sensibilisation \u00e0 la protection.<\/span><\/p><\/blockquote>\n<p><strong><span style=\"font-family: verdana, geneva, sans-serif; font-size: 10pt;\">Participants\u00a0:<\/span><\/strong><\/p>\n<blockquote><p><strong><span style=\"font-family: verdana, geneva, sans-serif; font-size: 10pt;\"><em>La mairie de Pont de l\u2019Is\u00e8re<\/em><\/span><\/strong><\/p>\n<p><span style=\"font-family: verdana, geneva, sans-serif; font-size: 10pt;\"><strong><em>Jean-Christophe WEIBEL<\/em><\/strong> 1<sup>er<\/sup> adjoint d\u00e9l\u00e9gu\u00e9 aux affaires financi\u00e8res, ressources humaines, agriculture, march\u00e9 aux fruits, travaux.<\/span><\/p>\n<p><span style=\"font-family: verdana, geneva, sans-serif; font-size: 10pt;\"><strong><em>Isabelle POUILLY<\/em><\/strong>\u00a0 2<sup>\u00e8me<\/sup> adjointe d\u00e9l\u00e9gu\u00e9e aux affaires concernant les \u00e9coles, les activit\u00e9s p\u00e9riscolaires et la jeunesse.<\/span><\/p>\n<p><span style=\"font-family: verdana, geneva, sans-serif; font-size: 10pt;\"><strong><em>Marc PIZIEUX<\/em><\/strong>\u00a0 5<sup>\u00e8me<\/sup> adjoint d\u00e9l\u00e9gu\u00e9 aux affaires concernant les associations sportives et de loisirs, questions de sport et programmation.<\/span><\/p>\n<p><span style=\"font-family: verdana, geneva, sans-serif; font-size: 10pt;\"><strong><em>Jacques SIFFLET<\/em>\u00a0<\/strong>\u00a0 conseill\u00e9 municipal d\u00e9l\u00e9gu\u00e9 au cadre de vie, propret\u00e9 et embellissement.<\/span><\/p>\n<p><span style=\"font-size: 10pt;\"><strong><span style=\"font-family: verdana, geneva, sans-serif;\"><em>Association des p\u00eacheurs de la plaine de Valence (APPV)<\/em><\/span><\/strong><\/span><\/p>\n<p><span style=\"font-family: verdana, geneva, sans-serif; font-size: 10pt;\"><strong><em>Daniel MICHEL<\/em><\/strong><em>\u00a0 <\/em>Pr\u00e9sident de l\u2019APPV<\/span><\/p>\n<p><span style=\"font-family: verdana, geneva, sans-serif; font-size: 10pt;\"><strong><em>Fr\u00e9d\u00e9ric FARGEAU<\/em><\/strong><em>\u00a0 <\/em>Secr\u00e9taire de l\u2019APPV<\/span><\/p>\n<p><strong><span style=\"font-family: verdana, geneva, sans-serif; font-size: 10pt;\"><em>Association Sportive Moucheur.fr (ASM)<\/em><\/span><\/strong><\/p>\n<p><span style=\"font-family: verdana, geneva, sans-serif; font-size: 10pt;\"><strong><em>Patrick GILLIS<\/em><\/strong><em><strong>\u00a0<\/strong>\u00a0 <\/em>Pr\u00e9sident de l\u2019association sportive moucheur.fr<\/span><\/p><\/blockquote>\n<p style=\"text-align: left;\"><span style=\"font-family: verdana, geneva, sans-serif; font-size: 10pt;\"><strong><em><a href=\"http:\/\/www.moucheur.fr\/palm\/wp-content\/uploads\/2015\/12\/01profitmag.png\" rel=\"attachment wp-att-5517\"><img decoding=\"async\" class=\"size-medium wp-image-5517 alignleft\" src=\"http:\/\/www.moucheur.fr\/palm\/wp-content\/uploads\/2015\/12\/01profitmag-300x68.png\" alt=\"01profitmag\" width=\"300\" height=\"68\" srcset=\"http:\/\/www.moucheur.fr\/palm\/wp-content\/uploads\/2015\/12\/01profitmag-300x68.png 300w, http:\/\/www.moucheur.fr\/palm\/wp-content\/uploads\/2015\/12\/01profitmag.png 325w\" sizes=\"(max-width: 300px) 100vw, 300px\" \/><\/a><\/em><\/strong><\/span><\/p>\n<p style=\"text-align: justify;\">\n<p style=\"text-align: justify;\">\n<p style=\"text-align: justify;\"><strong><span style=\"font-family: verdana, geneva, sans-serif; font-size: 10pt;\">Compte rendu de r\u00e9union<a href=\"http:\/\/www.moucheur.fr\/palm\/wp-content\/uploads\/2015\/12\/Sans-titre-1.jpg\" rel=\"attachment wp-att-5499\"><img decoding=\"async\" class=\"alignright  wp-image-5499\" src=\"http:\/\/www.moucheur.fr\/palm\/wp-content\/uploads\/2015\/12\/Sans-titre-1-300x291.jpg\" alt=\"Sans titre-1\" width=\"155\" height=\"150\" srcset=\"http:\/\/www.moucheur.fr\/palm\/wp-content\/uploads\/2015\/12\/Sans-titre-1-300x291.jpg 300w, http:\/\/www.moucheur.fr\/palm\/wp-content\/uploads\/2015\/12\/Sans-titre-1.jpg 334w\" sizes=\"(max-width: 155px) 100vw, 155px\" \/><\/a><\/span><\/strong><\/p>\n<blockquote>\n<p style=\"text-align: justify;\"><span style=\"font-family: verdana, geneva, sans-serif; font-size: 10pt;\">Apr\u00e8s un tour de table pour les pr\u00e9sentations individuelles, nous avons commenc\u00e9 par discuter de la possibilit\u00e9 d\u2019organiser les TAP* par notre association, avec l\u2019aide de l\u2019AAPV pour cette ann\u00e9e 2016. Je rappelle pour information que l\u2019APPV a sous sa responsabilit\u00e9 la gestion du domaine piscicole de Pont de l\u2019Is\u00e8re. Nous avons \u00e9voqu\u00e9 toutes les possibilit\u00e9s int\u00e9ressantes pour les enfants et le bon fonctionnement de cette activit\u00e9. Nous avons expos\u00e9 notre projet de l\u2019ASM en d\u00e9tails du contenu de notre programme d\u2019initiation. En effet nous avons deux ateliers, l\u2019un \u00ab\u00a0D\u00e9couverte g\u00e9n\u00e9rale sur les poissons en eaux douces\u00a0\u00bb et le second \u00ab\u00a0P\u00eache nature\u00a0\u00bb. Les participants ont valid\u00e9 le programme avec enthousiasme. L\u2019APPV en la personne de son pr\u00e9sident annonce que les cartes de p\u00eache \u00ab\u00a0Carte D\u00e9couverte\u00a0-12 ans\u00a0\u00bb*\u00a0 seront offertes aux enfants participants au TAP* et souligne que les cartes seront nominatives et valables en dehors des TAP* Ensuite le sujet s\u2019est port\u00e9 sur le Buchillon et les travaux de s\u00e9curisation et de nettoyage. Dans un premier temps nous allons faire un constat sur place avec le responsable des espaces verts de la mairie pour d\u00e9tecter les anomalies sur les arbres potentiellement dangereux. Ensuite la mairie va contacter la communaut\u00e9 de commune pour faire un \u00e9barbage s\u2019il y a besoin ainsi que le nettoyage du canal. Nous en arrivons \u00e0 l\u2019empoissonnement de ce dernier, l\u2019APPV nous propose de mettre du poisson blanc comme le Gardon, la Carpe et de la Tanche pour cette activit\u00e9. L\u2019APPV est enchant\u00e9e de participer \u00e0 cette action au profit des enfants, ainsi qu\u2019au passage en \u00ab\u00a0parcours enfant\u00a0\u00bb du Buchillon, ce qui va permettre une meilleure gestion par an de son empoissonnement.<\/span><\/p>\n<p style=\"text-align: justify;\"><span style=\"font-family: verdana, geneva, sans-serif; font-size: 10pt;\">Nous avons ensuite abord\u00e9 le sujet de la \u00ab\u00a0f\u00eate de la p\u00eache\u00a0\u00bb pour l\u2019\u00e9dition 2016 que nous allons organiser sur le Buchillon.\u00a0 Cette manifestation sera r\u00e9serv\u00e9e aux enfants de moins de 16 ans, en effet le Buchillon va passer par arr\u00eat\u00e9 municipal en \u00ab\u00a0parcours p\u00eache enfant\u00a0\u00bb. Pour cette journ\u00e9e du 4 juin \u00a0l\u2019APPV d\u00e9p\u00eachera sur place un garde de p\u00eache pour faire respecter cet arr\u00eat\u00e9 municipal afin d\u2019\u00e9viter les probl\u00e8mes rencontr\u00e9s les ann\u00e9es pr\u00e9c\u00e9dentes.<\/span><\/p>\n<p style=\"text-align: justify;\"><span style=\"font-family: verdana, geneva, sans-serif; font-size: 10pt;\">Il en r\u00e9sulte que nous allons participer, en partenariat avec l\u2019APPV, avec grand plaisir aux activit\u00e9s propos\u00e9es par la mairie, les TAP, la F\u00eate de la p\u00eache au profit des enfants de la commune et de l\u2019\u00e9cole primaire. Les actions, besoins, d\u00e9roulement et les plannings sont d\u00e9taill\u00e9s ci-dessous.<\/span><\/p>\n<\/blockquote>\n<p><span style=\"font-family: verdana, geneva, sans-serif; font-size: 10pt;\"><strong><em>Les actions en cours\u00a0:<\/em><\/strong><\/span><\/p>\n<blockquote><p><span style=\"font-family: verdana, geneva, sans-serif; font-size: 10pt;\">La mairie va faire passer en \u00ab parcours enfants \u00bb le canal par arr\u00eat\u00e9 municipal.<\/span><\/p>\n<p><span style=\"font-family: verdana, geneva, sans-serif; font-size: 10pt;\">La mairie va mettre des panneaux ainsi que l\u2019affichage de l\u2019arr\u00eat\u00e9 le long du canal.<\/span><\/p>\n<p><span style=\"font-family: verdana, geneva, sans-serif; font-size: 10pt;\">La mairie va acheter 12 cannes pour l\u2019atelier p\u00eache et nature (TAP).<\/span><\/p>\n<p><span style=\"font-family: verdana, geneva, sans-serif; font-size: 10pt;\">La mairie va acheter les truites pour la f\u00eate de la p\u00eache qui aura lieu le 4 juin 2016.<\/span><\/p>\n<p><span style=\"font-family: verdana, geneva, sans-serif; font-size: 10pt;\">L\u2019APPV offre aux enfants les permis de p\u00eache (Carte D\u00e9couverte\u00a0-12 ans).<\/span><\/p>\n<p><span style=\"font-family: verdana, geneva, sans-serif; font-size: 10pt;\">L\u2019APPV offre un kit d\u2019initiation \u00e0 notre association pour r\u00e9aliser les TAP.<\/span><\/p>\n<p><span style=\"font-family: verdana, geneva, sans-serif; font-size: 10pt;\">L\u2019APPV offre et va d\u00e9verser du poisson blanc dans le Buchillon (Gardon, Tanche, carpe).<\/span><\/p><\/blockquote>\n<p><span style=\"font-family: verdana, geneva, sans-serif; font-size: 10pt;\"><strong><em>Les besoins\u00a0: <\/em><\/strong><\/span><\/p>\n<blockquote><p><span style=\"font-family: verdana, geneva, sans-serif; font-size: 10pt;\">Etat des lieux et nettoyage du Buchillon.<\/span><\/p>\n<p><span style=\"font-family: verdana, geneva, sans-serif; font-size: 10pt;\">V\u00e9rification et s\u00e9curisation des arbres aux abords du Buchillon.<\/span><\/p>\n<p><span style=\"font-family: verdana, geneva, sans-serif; font-size: 10pt;\">Nettoyage des abords du Buchillon (couper l\u2019herbe, etc..). Bien \u00e9videmment, les membres de l\u2019ASM participeront \u00e9galement au nettoyage.<\/span><\/p><\/blockquote>\n<p><span style=\"font-family: verdana, geneva, sans-serif; font-size: 10pt;\"><strong><em>Le d\u00e9roulement des TAP : <\/em><\/strong><\/span><\/p>\n<blockquote><p><span style=\"font-family: verdana, geneva, sans-serif; font-size: 10pt;\">2 ateliers seront mis en place pour accueillir les enfants.<\/span><\/p>\n<p><span style=\"font-family: verdana, geneva, sans-serif; font-size: 10pt;\">Le nombre de 10 enfants maximum par session est approuv\u00e9.<\/span><\/p>\n<p><span style=\"font-family: verdana, geneva, sans-serif; font-size: 10pt;\">L\u2019activit\u00e9 est r\u00e9serv\u00e9e aux \u00e9l\u00e8ves de CM1 et CM2 de l\u2019\u00e9cole primaire.<\/span><\/p>\n<p>&nbsp;<\/p><\/blockquote>\n<p><strong><span style=\"font-family: verdana, geneva, sans-serif; font-size: 10pt;\">Descriptif des ateliers<\/span><\/strong><\/p>\n<p><span style=\"font-family: verdana, geneva, sans-serif; font-size: 10pt;\"><strong><em>Atelier d\u00e9couverte g\u00e9n\u00e9rale sur les poissons en eaux douces 45 mn<\/em><\/strong><\/span><\/p>\n<blockquote><p><span style=\"font-family: verdana, geneva, sans-serif; font-size: 10pt;\">Cet atelier permet aux enfants de voir des poissons dans un aquarium, dessiner des poissons en d\u00e9crivant chaque partie de son anatomie, voir leurs milieux suivant l\u2019esp\u00e8ce etc \u2026<\/span><\/p><\/blockquote>\n<p><span style=\"font-family: verdana, geneva, sans-serif; font-size: 10pt;\"><strong><em>Atelier p\u00eache et nature 45 mn<\/em><\/strong><\/span><\/p>\n<blockquote><p><span style=\"font-family: verdana, geneva, sans-serif; font-size: 10pt;\">A pour objectifs de permettre aux enfants de d\u00e9couvrir ou de pratiquer la p\u00eache de mani\u00e8re responsable par rapport \u00e0 la nature et au respect du milieu aquatique. Une sensibilisation particuli\u00e8re pour le Nokill et le respect du poisson.<\/span><\/p><\/blockquote>\n<p><span style=\"font-family: verdana, geneva, sans-serif; font-size: 10pt;\"><strong><em>Le planning des TAP* pour 2016 : <\/em><\/strong><\/span><\/p>\n<blockquote><p><span style=\"font-family: verdana, geneva, sans-serif; font-size: 10pt;\">8 dates retenues pour les TAP tableau ci-dessous.<\/span><\/p><\/blockquote>\n<table width=\"623\">\n<tbody>\n<tr>\n<td style=\"text-align: center;\" width=\"151\"><span style=\"font-family: verdana, geneva, sans-serif; font-size: 10pt;\"><strong>Date des TAP<\/strong><\/span><\/td>\n<td style=\"text-align: center;\" width=\"142\"><span style=\"font-family: verdana, geneva, sans-serif; font-size: 10pt;\"><strong>Atelier 1 et 2<\/strong><\/span><\/td>\n<td style=\"text-align: center;\" width=\"213\"><span style=\"font-family: verdana, geneva, sans-serif; font-size: 10pt;\"><strong>Atelier 1 \/pluie <\/strong><\/span><\/td>\n<td style=\"text-align: center;\" width=\"118\"><span style=\"font-family: verdana, geneva, sans-serif; font-size: 10pt;\"><strong>Nombres <\/strong><\/span><\/td>\n<\/tr>\n<tr>\n<td style=\"text-align: center;\" width=\"151\"><span style=\"font-family: verdana, geneva, sans-serif; font-size: 10pt;\">29 avril<\/span><\/td>\n<td style=\"text-align: center;\" width=\"142\"><span style=\"font-family: verdana, geneva, sans-serif; font-size: 10pt;\">Buchillon<\/span><\/td>\n<td style=\"text-align: center;\" width=\"213\"><span style=\"font-family: verdana, geneva, sans-serif; font-size: 10pt;\">Salle des associations<\/span><\/td>\n<td style=\"text-align: center;\" width=\"118\"><span style=\"font-family: verdana, geneva, sans-serif; font-size: 10pt;\">10<\/span><\/td>\n<\/tr>\n<tr>\n<td style=\"text-align: center;\" width=\"151\"><span style=\"font-family: verdana, geneva, sans-serif; font-size: 10pt;\">13 mai<\/span><\/td>\n<td style=\"text-align: center;\" width=\"142\"><span style=\"font-family: verdana, geneva, sans-serif; font-size: 10pt;\">Buchillon<\/span><\/td>\n<td style=\"text-align: center;\" width=\"213\"><span style=\"font-family: verdana, geneva, sans-serif; font-size: 10pt;\">Salle des associations<\/span><\/td>\n<td style=\"text-align: center;\" width=\"118\"><span style=\"font-family: verdana, geneva, sans-serif; font-size: 10pt;\">10<\/span><\/td>\n<\/tr>\n<tr>\n<td style=\"text-align: center;\" width=\"151\"><span style=\"font-family: verdana, geneva, sans-serif; font-size: 10pt;\">20 mai<\/span><\/td>\n<td style=\"text-align: center;\" width=\"142\"><span style=\"font-family: verdana, geneva, sans-serif; font-size: 10pt;\">Buchillon<\/span><\/td>\n<td style=\"text-align: center;\" width=\"213\"><span style=\"font-family: verdana, geneva, sans-serif; font-size: 10pt;\">Salle des associations<\/span><\/td>\n<td style=\"text-align: center;\" width=\"118\"><span style=\"font-family: verdana, geneva, sans-serif; font-size: 10pt;\">10<\/span><\/td>\n<\/tr>\n<tr>\n<td style=\"text-align: center;\" width=\"151\"><span style=\"font-family: verdana, geneva, sans-serif; font-size: 10pt;\">03 juin<\/span><\/td>\n<td style=\"text-align: center;\" width=\"142\"><span style=\"font-family: verdana, geneva, sans-serif; font-size: 10pt;\">Buchillon<\/span><\/td>\n<td style=\"text-align: center;\" width=\"213\"><span style=\"font-family: verdana, geneva, sans-serif; font-size: 10pt;\">Salle des associations<\/span><\/td>\n<td style=\"text-align: center;\" width=\"118\"><span style=\"font-family: verdana, geneva, sans-serif; font-size: 10pt;\">10<\/span><\/td>\n<\/tr>\n<tr>\n<td style=\"text-align: center;\" width=\"151\"><span style=\"font-family: verdana, geneva, sans-serif; font-size: 10pt;\">10 juin<\/span><\/td>\n<td style=\"text-align: center;\" width=\"142\"><span style=\"font-family: verdana, geneva, sans-serif; font-size: 10pt;\">Buchillon<\/span><\/td>\n<td style=\"text-align: center;\" width=\"213\"><span style=\"font-family: verdana, geneva, sans-serif; font-size: 10pt;\">Salle des associations<\/span><\/td>\n<td style=\"text-align: center;\" width=\"118\"><span style=\"font-family: verdana, geneva, sans-serif; font-size: 10pt;\">10<\/span><\/td>\n<\/tr>\n<tr>\n<td style=\"text-align: center;\" width=\"151\"><span style=\"font-family: verdana, geneva, sans-serif; font-size: 10pt;\">17 juin<\/span><\/td>\n<td style=\"text-align: center;\" width=\"142\"><span style=\"font-family: verdana, geneva, sans-serif; font-size: 10pt;\">Buchillon<\/span><\/td>\n<td style=\"text-align: center;\" width=\"213\"><span style=\"font-family: verdana, geneva, sans-serif; font-size: 10pt;\">Salle des associations<\/span><\/td>\n<td style=\"text-align: center;\" width=\"118\"><span style=\"font-family: verdana, geneva, sans-serif; font-size: 10pt;\">10<\/span><\/td>\n<\/tr>\n<tr>\n<td style=\"text-align: center;\" width=\"151\"><span style=\"font-family: verdana, geneva, sans-serif; font-size: 10pt;\">24 juin<\/span><\/td>\n<td style=\"text-align: center;\" width=\"142\"><span style=\"font-family: verdana, geneva, sans-serif; font-size: 10pt;\">Buchillon<\/span><\/td>\n<td style=\"text-align: center;\" width=\"213\"><span style=\"font-family: verdana, geneva, sans-serif; font-size: 10pt;\">Salle des associations<\/span><\/td>\n<td style=\"text-align: center;\" width=\"118\"><span style=\"font-family: verdana, geneva, sans-serif; font-size: 10pt;\">10<\/span><\/td>\n<\/tr>\n<tr>\n<td style=\"text-align: center;\" width=\"151\"><span style=\"font-family: verdana, geneva, sans-serif; font-size: 10pt;\">01 juillet<\/span><\/td>\n<td style=\"text-align: center;\" width=\"142\"><span style=\"font-family: verdana, geneva, sans-serif; font-size: 10pt;\">Buchillon<\/span><\/td>\n<td style=\"text-align: center;\" width=\"213\"><span style=\"font-family: verdana, geneva, sans-serif; font-size: 10pt;\">Salle des associations<\/span><\/td>\n<td style=\"text-align: center;\" width=\"118\"><span style=\"font-family: verdana, geneva, sans-serif; font-size: 10pt;\">10<\/span><\/td>\n<\/tr>\n<\/tbody>\n<\/table>\n<p>&nbsp;<\/p>\n<blockquote>\n<h5 style=\"text-align: justify;\"><span style=\"font-family: verdana, geneva, sans-serif;\"><strong><span style=\"font-size: 10pt;\">L\u2019association remercie les intervenants et repr\u00e9sentants pr\u00e9sents \u00e0 cette r\u00e9union pour leur ouverture d\u2019esprit et leurs engagements aux profits des enfants de la commune, ainsi que l\u2019int\u00e9r\u00eat qu\u2019ils portent \u00e0 notre d\u00e9marche associative.<\/span><\/strong><\/span><\/h5>\n<p><span style=\"font-family: verdana, geneva, sans-serif; font-size: 10pt;\">Lexique\u00a0:<\/span><\/p>\n<p><span style=\"font-family: verdana, geneva, sans-serif; font-size: 10pt;\">*Les TAP\u00a0: <em>Le TAP est un temps d\u2019activit\u00e9s organis\u00e9es et pris en charge par la commune en prolongement de la journ\u00e9e de classe. Ces activit\u00e9s visent \u00e0 favoriser l\u2019acc\u00e8s de tous les enfants aux pratiques culturelles, artistiques, sportives, etc.<\/em><em>\u00a0 <\/em><em>La r\u00e9forme des rythmes scolaires vise \u00e0 mieux r\u00e9partir les heures de classe sur la semaine, \u00e0 all\u00e9ger la journ\u00e9e de classe et \u00e0 programmer les enseignements \u00e0 des moments o\u00f9 la facult\u00e9 de concentration des \u00e9l\u00e8ves est la plus grande.\u00a0<\/em><\/span><\/p>\n<p><span style=\"font-family: verdana, geneva, sans-serif; font-size: 10pt;\">** Carte D\u00e9couverte\u00a0-12 ans\u00a0: Cette carte annuelle s\u2019adresse \u00e0 tous les jeunes de moins de 12 ans (au 1<sup>er<\/sup> janvier de l\u2019ann\u00e9e en cours). Parfaite pour d\u00e9couvrir le loisir p\u00eache en famille ou dans les Ateliers P\u00eache Nature, elle permet aux plus petits de pratiquer en 1<sup>\u00e8re<\/sup> et 2<sup>\u00e8me<\/sup> cat\u00e9gorie, \u00e0 une seule ligne et avec tous les modes de p\u00eache autoris\u00e9s. Elle est valable toute l\u2019ann\u00e9e.<\/span><\/p><\/blockquote>\n","protected":false},"excerpt":{"rendered":"<p>&nbsp; &nbsp; &nbsp; R\u00e9union du 9 f\u00e9vrier 2016 en mairie de Pont de l\u2019Is\u00e8re Sujet\u00a0: Les TAP* (Temps d\u2019Activit\u00e9 P\u00e9riscolaire)&hellip;<\/p>\n","protected":false},"author":1,"featured_media":5100,"comment_status":"open","ping_status":"open","sticky":false,"template":"","format":"standard","meta":{"footnotes":""},"categories":[24,357,156,25],"tags":[413,358,418,445],"class_list":["post-5591","post","type-post","status-publish","format-standard","has-post-thumbnail","hentry","category-retrouvez-les-articles-du-site-moucheur-fr","category-association-sportive-moucheur-fr","category-comportement-et-protection-du-milieu","category-federation-et-aappma","tag-appv","tag-association-sportive-moucheur-fr","tag-mairie-de-pont-de-lisere","tag-tap"],"_links":{"self":[{"href":"http:\/\/www.moucheur.fr\/palm\/wp-json\/wp\/v2\/posts\/5591","targetHints":{"allow":["GET"]}}],"collection":[{"href":"http:\/\/www.moucheur.fr\/palm\/wp-json\/wp\/v2\/posts"}],"about":[{"href":"http:\/\/www.moucheur.fr\/palm\/wp-json\/wp\/v2\/types\/post"}],"author":[{"embeddable":true,"href":"http:\/\/www.moucheur.fr\/palm\/wp-json\/wp\/v2\/users\/1"}],"replies":[{"embeddable":true,"href":"http:\/\/www.moucheur.fr\/palm\/wp-json\/wp\/v2\/comments?post=5591"}],"version-history":[{"count":0,"href":"http:\/\/www.moucheur.fr\/palm\/wp-json\/wp\/v2\/posts\/5591\/revisions"}],"wp:featuredmedia":[{"embeddable":true,"href":"http:\/\/www.moucheur.fr\/palm\/wp-json\/wp\/v2\/media\/5100"}],"wp:attachment":[{"href":"http:\/\/www.moucheur.fr\/palm\/wp-json\/wp\/v2\/media?parent=5591"}],"wp:term":[{"taxonomy":"category","embeddable":true,"href":"http:\/\/www.moucheur.fr\/palm\/wp-json\/wp\/v2\/categories?post=5591"},{"taxonomy":"post_tag","embeddable":true,"href":"http:\/\/www.moucheur.fr\/palm\/wp-json\/wp\/v2\/tags?post=5591"}],"curies":[{"name":"wp","href":"https:\/\/api.w.org\/{rel}","templated":true}]}}