{"id":8591,"date":"2019-03-20T20:08:01","date_gmt":"2019-03-20T19:08:01","guid":{"rendered":"https:\/\/www.moucheur.fr\/palm\/?p=8591"},"modified":"2019-05-22T10:50:40","modified_gmt":"2019-05-22T08:50:40","slug":"2eme-edition-de-la-fete-du-buchillon","status":"publish","type":"post","link":"https:\/\/www.moucheur.fr\/palm\/2eme-edition-de-la-fete-du-buchillon\/","title":{"rendered":"2\u00e8me \u00e9dition de la f\u00eate du B\u00fbchillon"},"content":{"rendered":"<div id=\"pl-8591\"  class=\"panel-layout\" ><div id=\"pg-8591-0\"  class=\"panel-grid panel-no-style\" ><div id=\"pgc-8591-0-0\"  class=\"panel-grid-cell\" ><div id=\"panel-8591-0-0-0\" class=\"so-panel widget widget_sow-editor panel-first-child panel-last-child\" data-index=\"0\" ><div\n\t\t\t\n\t\t\tclass=\"so-widget-sow-editor so-widget-sow-editor-base\"\n\t\t\t\n\t\t>\n<div class=\"siteorigin-widget-tinymce textwidget\">\n\t<h3><span style=\"font-family: verdana, geneva, sans-serif;\">2\u00e8me \u00e9dition de la f\u00eate du B\u00fbchillon<\/span><\/h3>\n<p style=\"text-align: justify;\"><span style=\"font-family: verdana,geneva,sans-serif; font-size: 10pt;\">Les membres de l'Association Sportive Moucheur.fr sont heureux d'organiser la deuxi\u00e8me \u00e9dition de la f\u00eate du B\u00fbchillon sur le parcours enfant le samedi 27 avril 2019 pour les enfants de la commune et ses environs.<\/span><\/p>\n<p style=\"text-align: justify;\"><span style=\"font-family: verdana,geneva,sans-serif; font-size: 10pt;\">Avec le soutien de l\u2019APPV <em>(association des p\u00eacheurs de la plaine de Valence)<\/em> et en partenariat avec la mairie de Pont de l\u2019Is\u00e8re, la f\u00e9d\u00e9ration de la p\u00eache de la Dr\u00f4me, le club Halieutique pour cette deuxi\u00e8me f\u00eate du B\u00fbchillon.<\/span><\/p>\n<p style=\"text-align: justify;\"><span style=\"font-family: verdana,geneva,sans-serif; font-size: 10pt;\">La mairie de Pont de l'Is\u00e8re offert les 50 kg de truites pour cette journ\u00e9e d\u00e9di\u00e9e exclusivement aux enfants.<\/span><\/p>\n<p style=\"text-align: justify;\"><span style=\"font-family: verdana,geneva,sans-serif; font-size: 10pt;\">Les inscriptions et la participation des enfants\u00a0\u00e0\u00a0cette journ\u00e9e sont\u00a0<strong>GRATUITES.<\/strong><\/span><\/p>\n<p style=\"text-align: justify;\"><span style=\"font-family: verdana,geneva,sans-serif; font-size: 10pt;\">Cette journ\u00e9e aurait \u00e9t\u00e9 impossible \u00e0 organiser sans le soutien de notre mairie ainsi que nos partenaires halieutiques.<\/span><\/p>\n<p style=\"text-align: justify;\"><span style=\"font-family: verdana,geneva,sans-serif; font-size: 10pt;\">Nous vous souhaitons de passer une excellente journ\u00e9e et peut \u00eatre vous faire partager notre passion,\u00a0parents et\u00a0enfants, esp\u00e9rant attraper\u00a0un gros poisson, l'essentiel\u00a0\u00e9tant de partager ce moment ensemble au bord de l'eau.<\/span><\/p>\n<p style=\"text-align: justify;\"><span style=\"font-family: verdana,geneva,sans-serif; font-size: 10pt;\">Merci \u00e0 tous.<\/span><\/p>\n<p style=\"text-align: justify;\"><span style=\"font-family: verdana,geneva,sans-serif; font-size: 10pt;\">L'\u00e9quipe organisatrice de l'ASM<\/span><\/p>\n<p style=\"text-align: justify;\"><span style=\"font-family: verdana, geneva, sans-serif; color: #ff0000; font-size: 14px;\"><strong>Les gardes de p\u00eaches de l'APPV seront pr\u00e9sents du vendredi et jusqu'au dimanche apr\u00e8s-midi afin de bien faire respecter le r\u00e8glement.<\/strong><\/span><\/p>\n<\/div>\n<\/div><\/div><\/div><\/div><div id=\"pg-8591-1\"  class=\"panel-grid panel-no-style\" ><div id=\"pgc-8591-1-0\"  class=\"panel-grid-cell\" ><div id=\"panel-8591-1-0-0\" class=\"so-panel widget widget_sow-editor panel-first-child panel-last-child\" data-index=\"1\" ><div\n\t\t\t\n\t\t\tclass=\"so-widget-sow-editor so-widget-sow-editor-base\"\n\t\t\t\n\t\t>\n<div class=\"siteorigin-widget-tinymce textwidget\">\n\t<p style=\"text-align: justify;\"><span style=\"font-family: verdana,geneva,sans-serif; font-size: 10pt;\"><strong><em>Pour participer<\/em><\/strong><\/span><\/p>\n<p style=\"text-align: justify;\"><span style=\"font-family: verdana,geneva,sans-serif; font-size: 10pt;\">- R\u00e9serv\u00e9 aux jeunes p\u00eacheurs jusqu\u2019\u00e0 16 ans<\/span><\/p>\n<p style=\"text-align: justify;\"><span style=\"font-family: verdana,geneva,sans-serif; font-size: 10pt;\">- Cette journ\u00e9e est enti\u00e8rement GRATUITE<\/span><\/p>\n<p style=\"text-align: justify;\"><span style=\"font-family: verdana,geneva,sans-serif; font-size: 10pt;\"><strong><em>Horaire<\/em><\/strong><\/span><\/p>\n<p style=\"text-align: justify;\"><span style=\"font-family: verdana,geneva,sans-serif; font-size: 10pt;\">- Inscription des enfants \u00e0 partir de 08h30.<\/span><\/p>\n<p style=\"text-align: justify;\"><span style=\"font-family: verdana,geneva,sans-serif; font-size: 10pt;\">- D\u00e9but de la p\u00eache \u00e0 09h30 jusqu\u2019\u00e0 12h00.<\/span><\/p>\n<p style=\"text-align: justify;\"><span style=\"font-family: verdana,geneva,sans-serif; font-size: 10pt;\">- D\u00e9but de la p\u00eache apr\u00e8s-midi de 14h00 \u00e0 17h00.<\/span><\/p>\n<\/div>\n<\/div><\/div><\/div><div id=\"pgc-8591-1-1\"  class=\"panel-grid-cell\" ><div id=\"panel-8591-1-1-0\" class=\"so-panel widget widget_sow-editor panel-first-child panel-last-child\" data-index=\"2\" ><div\n\t\t\t\n\t\t\tclass=\"so-widget-sow-editor so-widget-sow-editor-base\"\n\t\t\t\n\t\t>\n<div class=\"siteorigin-widget-tinymce textwidget\">\n\t<p style=\"text-align: justify;\"><span style=\"font-size: 10pt; font-family: verdana,geneva,sans-serif;\"><strong><em>La p\u00eache<\/em><\/strong><\/span><\/p>\n<p style=\"text-align: justify;\"><span style=\"font-family: verdana,geneva,sans-serif; font-size: 10pt;\">- L'inscription est obligatoire pour les enfants participants \u00e0 cette activit\u00e9.<\/span><\/p>\n<p style=\"text-align: justify;\"><span style=\"font-size: 10pt; font-family: verdana,geneva,sans-serif;\">- L'utilisation autre que les app\u00e2ts naturels sont interdits.<\/span><\/p>\n<p style=\"text-align: justify;\"><span style=\"font-size: 10pt; font-family: verdana,geneva,sans-serif;\">- L'utilisation de canne et lanc\u00e9 avec moulinet est autoris\u00e9.<\/span><\/p>\n<p style=\"text-align: justify;\"><span style=\"font-size: 10pt; font-family: verdana,geneva,sans-serif;\">- La limite de prise est de 6 truites par enfants et par jour.<\/span><\/p>\n<p style=\"text-align: justify;\"><span style=\"font-size: 10pt; font-family: verdana,geneva,sans-serif;\">- Quand le participant a attrap\u00e9 les 6 truites, il doit le signaler au bureau des inscriptions et arr\u00eater la p\u00eache.<\/span><\/p>\n<\/div>\n<\/div><\/div><\/div><\/div><div id=\"pg-8591-2\"  class=\"panel-grid panel-no-style\" ><div id=\"pgc-8591-2-0\"  class=\"panel-grid-cell\" ><div id=\"panel-8591-2-0-0\" class=\"so-panel widget widget_foogallery_widget foogallery_widget panel-first-child panel-last-child\" data-index=\"3\" ><h3 class=\"widget-title\">Nos partenaires<\/h3><style type=\"text\/css\">\n#foogallery-gallery-7812 .fg-image { width: 150px; }\n#foogallery-gallery-7812 { --fg-gutter: 10px; }<\/style>\n\t\t\t<div class=\"foogallery foogallery-container foogallery-default foogallery-lightbox-foobox fg-center fg-default fg-ready fg-light fg-border-thin fg-shadow-outline fg-loading-default fg-loaded-fade-in fg-caption-hover fg-hover-fade fg-hover-zoom\" id=\"foogallery-gallery-7812\" data-foogallery=\"{&quot;item&quot;:{&quot;showCaptionTitle&quot;:true,&quot;showCaptionDescription&quot;:true},&quot;lazy&quot;:true}\" style=\"--fg-title-line-clamp: 0; --fg-description-line-clamp: 0;\" >\n\t<div class=\"fg-item fg-type-image fg-idle\"><figure class=\"fg-item-inner\"><a data-attachment-id=\"6062\" data-type=\"image\" class=\"fg-thumb\"><span class=\"fg-image-wrap\"><img decoding=\"async\" width=\"150\" height=\"100\" class=\"skip-lazy fg-image\" data-no-lazy=\"1\" data-src-fg=\"https:\/\/www.moucheur.fr\/palm\/wp-content\/uploads\/cache\/2016\/05\/header_logo-11\/1373844779.png\" src=\"data:image\/svg+xml,%3Csvg%20xmlns%3D%22http%3A%2F%2Fwww.w3.org%2F2000%2Fsvg%22%20width%3D%22150%22%20height%3D%22100%22%20viewBox%3D%220%200%20150%20100%22%3E%3C%2Fsvg%3E\" loading=\"eager\"><\/span><span class=\"fg-image-overlay\"><\/span><\/a><\/figure><div class=\"fg-loader\"><\/div><\/div><div class=\"fg-item fg-type-image fg-idle\"><figure class=\"fg-item-inner\"><a data-attachment-id=\"7644\" data-type=\"image\" class=\"fg-thumb\"><span class=\"fg-image-wrap\"><img decoding=\"async\" width=\"150\" height=\"100\" class=\"skip-lazy fg-image\" data-no-lazy=\"1\" data-src-fg=\"https:\/\/www.moucheur.fr\/palm\/wp-content\/uploads\/cache\/2016\/05\/locange1\/502660025.jpg\" data-srcset-fg=\"https:\/\/www.moucheur.fr\/palm\/wp-content\/uploads\/cache\/2016\/05\/locange1\/3988604991.jpg 4x\" src=\"data:image\/svg+xml,%3Csvg%20xmlns%3D%22http%3A%2F%2Fwww.w3.org%2F2000%2Fsvg%22%20width%3D%22150%22%20height%3D%22100%22%20viewBox%3D%220%200%20150%20100%22%3E%3C%2Fsvg%3E\" loading=\"eager\"><\/span><span class=\"fg-image-overlay\"><\/span><\/a><\/figure><div class=\"fg-loader\"><\/div><\/div><div class=\"fg-item fg-type-image fg-idle\"><figure class=\"fg-item-inner\"><a data-caption-title=\"Artisan Boucher Charcuterier\" data-attachment-id=\"6060\" data-type=\"image\" class=\"fg-thumb\"><span class=\"fg-image-wrap\"><img decoding=\"async\" title=\"Artisan Boucher Charcuterier\" width=\"150\" height=\"100\" class=\"skip-lazy fg-image\" data-no-lazy=\"1\" data-src-fg=\"https:\/\/www.moucheur.fr\/palm\/wp-content\/uploads\/cache\/2016\/05\/Boucher-pub-copie\/70479049.jpg\" data-srcset-fg=\"https:\/\/www.moucheur.fr\/palm\/wp-content\/uploads\/cache\/2016\/05\/Boucher-pub-copie\/13044310.jpg 4x\" src=\"data:image\/svg+xml,%3Csvg%20xmlns%3D%22http%3A%2F%2Fwww.w3.org%2F2000%2Fsvg%22%20width%3D%22150%22%20height%3D%22100%22%20viewBox%3D%220%200%20150%20100%22%3E%3C%2Fsvg%3E\" loading=\"eager\"><\/span><span class=\"fg-image-overlay\"><\/span><\/a><figcaption class=\"fg-caption\"><div class=\"fg-caption-inner\"><div class=\"fg-caption-title\">Artisan Boucher Charcuterier<\/div><\/div><\/figcaption><\/figure><div class=\"fg-loader\"><\/div><\/div><div class=\"fg-item fg-type-image fg-idle\"><figure class=\"fg-item-inner\"><a data-attachment-id=\"7641\" data-type=\"image\" class=\"fg-thumb\"><span class=\"fg-image-wrap\"><img decoding=\"async\" width=\"150\" height=\"100\" class=\"skip-lazy fg-image\" data-no-lazy=\"1\" data-src-fg=\"https:\/\/www.moucheur.fr\/palm\/wp-content\/uploads\/cache\/2016\/05\/bati-collange1\/84642105.jpg\" data-srcset-fg=\"https:\/\/www.moucheur.fr\/palm\/wp-content\/uploads\/cache\/2016\/05\/bati-collange1\/2624991749.jpg 4x\" src=\"data:image\/svg+xml,%3Csvg%20xmlns%3D%22http%3A%2F%2Fwww.w3.org%2F2000%2Fsvg%22%20width%3D%22150%22%20height%3D%22100%22%20viewBox%3D%220%200%20150%20100%22%3E%3C%2Fsvg%3E\" loading=\"eager\"><\/span><span class=\"fg-image-overlay\"><\/span><\/a><\/figure><div class=\"fg-loader\"><\/div><\/div><div class=\"fg-item fg-type-image fg-idle\"><figure class=\"fg-item-inner\"><a data-caption-title=\"Artisan Boulanger P\u00e2tissier\" data-attachment-id=\"6064\" data-type=\"image\" class=\"fg-thumb\"><span class=\"fg-image-wrap\"><img decoding=\"async\" title=\"Artisan Boulanger P\u00e2tissier\" width=\"150\" height=\"100\" class=\"skip-lazy fg-image\" data-no-lazy=\"1\" data-src-fg=\"https:\/\/www.moucheur.fr\/palm\/wp-content\/uploads\/cache\/2016\/05\/rey_michel\/777335073.jpg\" data-srcset-fg=\"https:\/\/www.moucheur.fr\/palm\/wp-content\/uploads\/cache\/2016\/05\/rey_michel\/300162194.jpg 4x\" src=\"data:image\/svg+xml,%3Csvg%20xmlns%3D%22http%3A%2F%2Fwww.w3.org%2F2000%2Fsvg%22%20width%3D%22150%22%20height%3D%22100%22%20viewBox%3D%220%200%20150%20100%22%3E%3C%2Fsvg%3E\" loading=\"eager\"><\/span><span class=\"fg-image-overlay\"><\/span><\/a><figcaption class=\"fg-caption\"><div class=\"fg-caption-inner\"><div class=\"fg-caption-title\">Artisan Boulanger P\u00e2tissier<\/div><\/div><\/figcaption><\/figure><div class=\"fg-loader\"><\/div><\/div><div class=\"fg-item fg-type-image fg-idle\"><figure class=\"fg-item-inner\"><a data-caption-title=\"D\u00e9cor peinture\" data-attachment-id=\"6063\" data-type=\"image\" class=\"fg-thumb\"><span class=\"fg-image-wrap\"><img decoding=\"async\" title=\"D\u00e9cor peinture\" width=\"150\" height=\"100\" class=\"skip-lazy fg-image\" data-no-lazy=\"1\" data-src-fg=\"https:\/\/www.moucheur.fr\/palm\/wp-content\/uploads\/cache\/2016\/05\/COLLANGE\/2378408178.jpg\" data-srcset-fg=\"https:\/\/www.moucheur.fr\/palm\/wp-content\/uploads\/cache\/2016\/05\/COLLANGE\/2106266484.jpg 4x\" src=\"data:image\/svg+xml,%3Csvg%20xmlns%3D%22http%3A%2F%2Fwww.w3.org%2F2000%2Fsvg%22%20width%3D%22150%22%20height%3D%22100%22%20viewBox%3D%220%200%20150%20100%22%3E%3C%2Fsvg%3E\" loading=\"eager\"><\/span><span class=\"fg-image-overlay\"><\/span><\/a><figcaption class=\"fg-caption\"><div class=\"fg-caption-inner\"><div class=\"fg-caption-title\">D\u00e9cor peinture<\/div><\/div><\/figcaption><\/figure><div class=\"fg-loader\"><\/div><\/div><div class=\"fg-item fg-type-image fg-idle\"><figure class=\"fg-item-inner\"><a data-attachment-id=\"5499\" data-type=\"image\" class=\"fg-thumb\"><span class=\"fg-image-wrap\"><img decoding=\"async\" width=\"150\" height=\"100\" class=\"skip-lazy fg-image\" data-no-lazy=\"1\" data-src-fg=\"https:\/\/www.moucheur.fr\/palm\/wp-content\/uploads\/cache\/2015\/12\/Sans-titre-1\/3658735334.jpg\" src=\"data:image\/svg+xml,%3Csvg%20xmlns%3D%22http%3A%2F%2Fwww.w3.org%2F2000%2Fsvg%22%20width%3D%22150%22%20height%3D%22100%22%20viewBox%3D%220%200%20150%20100%22%3E%3C%2Fsvg%3E\" loading=\"eager\"><\/span><span class=\"fg-image-overlay\"><\/span><\/a><\/figure><div class=\"fg-loader\"><\/div><\/div><div class=\"fg-item fg-type-image fg-idle\"><figure class=\"fg-item-inner\"><a data-attachment-id=\"5562\" data-type=\"image\" class=\"fg-thumb\"><span class=\"fg-image-wrap\"><img decoding=\"async\" width=\"150\" height=\"100\" class=\"skip-lazy fg-image\" data-no-lazy=\"1\" data-src-fg=\"https:\/\/www.moucheur.fr\/palm\/wp-content\/uploads\/cache\/2016\/01\/fede-26\/552338741.jpg\" src=\"data:image\/svg+xml,%3Csvg%20xmlns%3D%22http%3A%2F%2Fwww.w3.org%2F2000%2Fsvg%22%20width%3D%22150%22%20height%3D%22100%22%20viewBox%3D%220%200%20150%20100%22%3E%3C%2Fsvg%3E\" loading=\"eager\"><\/span><span class=\"fg-image-overlay\"><\/span><\/a><\/figure><div class=\"fg-loader\"><\/div><\/div><div class=\"fg-item fg-type-image fg-idle\"><figure class=\"fg-item-inner\"><a data-attachment-id=\"6061\" data-type=\"image\" class=\"fg-thumb\"><span class=\"fg-image-wrap\"><img decoding=\"async\" width=\"150\" height=\"100\" class=\"skip-lazy fg-image\" data-no-lazy=\"1\" data-src-fg=\"https:\/\/www.moucheur.fr\/palm\/wp-content\/uploads\/cache\/2016\/05\/CLUB-NOUVEAU-LOGO\/2454422660.jpg\" src=\"data:image\/svg+xml,%3Csvg%20xmlns%3D%22http%3A%2F%2Fwww.w3.org%2F2000%2Fsvg%22%20width%3D%22150%22%20height%3D%22100%22%20viewBox%3D%220%200%20150%20100%22%3E%3C%2Fsvg%3E\" loading=\"eager\"><\/span><span class=\"fg-image-overlay\"><\/span><\/a><\/figure><div class=\"fg-loader\"><\/div><\/div><\/div>\n<\/div><\/div><div id=\"pgc-8591-2-1\"  class=\"panel-grid-cell\" ><div id=\"panel-8591-2-1-0\" class=\"so-panel widget widget_sow-editor panel-first-child panel-last-child\" data-index=\"4\" ><div\n\t\t\t\n\t\t\tclass=\"so-widget-sow-editor so-widget-sow-editor-base\"\n\t\t\t\n\t\t><h3 class=\"widget-title\">Lieu de la f\u00eate du B\u00fbchillon<\/h3>\n<div class=\"siteorigin-widget-tinymce textwidget\">\n\t<p><iframe style=\"border: 0;\" src=\"https:\/\/www.google.com\/maps\/embed?pb=!1m18!1m12!1m3!1d735.6026327706027!2d4.8680518292381665!3d45.000809946984525!2m3!1f0!2f0!3f0!3m2!1i1024!2i768!4f13.1!3m3!1m2!1s0x0%3A0x0!2zNDXCsDAwJzAyLjkiTiA0wrA1MicwNy4wIkU!5e1!3m2!1sfr!2sfr!4v1464132809749\" width=\"400\" height=\"400\" frameborder=\"0\" allowfullscreen=\"allowfullscreen\"><\/iframe><\/p>\n<\/div>\n<\/div><\/div><\/div><\/div><\/div>","protected":false},"excerpt":{"rendered":"<p>2\u00e8me \u00e9dition de la f\u00eate du B\u00fbchillon Les membres de l&#8217;Association Sportive Moucheur.fr sont heureux d&#8217;organiser la deuxi\u00e8me \u00e9dition de&hellip;<\/p>\n","protected":false},"author":1,"featured_media":8602,"comment_status":"open","ping_status":"open","sticky":false,"template":"","format":"standard","meta":{"footnotes":""},"categories":[24,357],"tags":[584,583,463],"class_list":["post-8591","post","type-post","status-publish","format-standard","has-post-thumbnail","hentry","category-retrouvez-les-articles-du-site-moucheur-fr","category-association-sportive-moucheur-fr","tag-a-s-moucheur-fr","tag-fete-du-buchillon","tag-parcours-enfants"],"_links":{"self":[{"href":"https:\/\/www.moucheur.fr\/palm\/wp-json\/wp\/v2\/posts\/8591","targetHints":{"allow":["GET"]}}],"collection":[{"href":"https:\/\/www.moucheur.fr\/palm\/wp-json\/wp\/v2\/posts"}],"about":[{"href":"https:\/\/www.moucheur.fr\/palm\/wp-json\/wp\/v2\/types\/post"}],"author":[{"embeddable":true,"href":"https:\/\/www.moucheur.fr\/palm\/wp-json\/wp\/v2\/users\/1"}],"replies":[{"embeddable":true,"href":"https:\/\/www.moucheur.fr\/palm\/wp-json\/wp\/v2\/comments?post=8591"}],"version-history":[{"count":0,"href":"https:\/\/www.moucheur.fr\/palm\/wp-json\/wp\/v2\/posts\/8591\/revisions"}],"wp:featuredmedia":[{"embeddable":true,"href":"https:\/\/www.moucheur.fr\/palm\/wp-json\/wp\/v2\/media\/8602"}],"wp:attachment":[{"href":"https:\/\/www.moucheur.fr\/palm\/wp-json\/wp\/v2\/media?parent=8591"}],"wp:term":[{"taxonomy":"category","embeddable":true,"href":"https:\/\/www.moucheur.fr\/palm\/wp-json\/wp\/v2\/categories?post=8591"},{"taxonomy":"post_tag","embeddable":true,"href":"https:\/\/www.moucheur.fr\/palm\/wp-json\/wp\/v2\/tags?post=8591"}],"curies":[{"name":"wp","href":"https:\/\/api.w.org\/{rel}","templated":true}]}}